{"id":1232,"date":"2026-04-24T00:11:33","date_gmt":"2026-04-24T00:11:33","guid":{"rendered":"https:\/\/radiotk.com.mx\/?p=1232"},"modified":"2026-04-24T00:11:33","modified_gmt":"2026-04-24T00:11:33","slug":"mateo-hernandez-participa-en-jornada-estatal-para-fortalecer-la-seguridad","status":"publish","type":"post","link":"https:\/\/radiotk.com.mx\/?p=1232","title":{"rendered":"Mateo Hern\u00e1ndez participa en jornada estatal para fortalecer la seguridad"},"content":{"rendered":"<p>Tecamachalco, Pue.- El presidente municipal Mateo Hern\u00e1ndez L\u00f3pez particip\u00f3 en una jornada de trabajo realizada en Casa Aguayo, enfocada en la correcta aplicaci\u00f3n de los recursos del FORTAMUN y FOFISP, con el objetivo de fortalecer las acciones en materia de seguridad.<\/p>\n<p><!--more--><\/p>\n<p>El encuentro fue encabezado por el subsecretario de Desarrollo Pol\u00edtico, Rodolfo Huerta Espinosa, y cont\u00f3 con la presencia del secretario de Gobernaci\u00f3n, J. Samuel Aguilar Pala, as\u00ed como del diputado local Andr\u00e9s Villegas Mendoza, presidente de la Comisi\u00f3n de Seguridad P\u00fablica del Congreso del Estado.<\/p>\n<p>Durante la jornada se abordaron temas clave como el fortalecimiento de las corporaciones policiales, la capacitaci\u00f3n, el equipamiento y el uso transparente de los recursos, reafirmando el compromiso de los municipios de seguir trabajando de manera coordinada en favor de la seguridad.<\/p>\n<p>Con estas acciones, el Gobierno Municipal de Tecamachalco contin\u00faa sumando esfuerzos para brindar mejores resultados a las y los ciudadanos.<\/p>\n","protected":false},"excerpt":{"rendered":"<p>Tecamachalco, Pue.- El presidente municipal Mateo Hern\u00e1ndez L\u00f3pez particip\u00f3 en una jornada de trabajo realizada en Casa Aguayo, enfocada en la correcta aplicaci\u00f3n de los recursos del FORTAMUN y FOFISP,&hellip;<\/p>\n","protected":false},"author":1,"featured_media":1233,"comment_status":"open","ping_status":"closed","sticky":false,"template":"","format":"standard","meta":{"footnotes":""},"categories":[4],"tags":[635],"class_list":["post-1232","post","type-post","status-publish","format-standard","has-post-thumbnail","hentry","category-tecamachalco","tag-mateo-hernandez-lopez-seguridad-publica"],"aioseo_notices":[],"_links":{"self":[{"href":"https:\/\/radiotk.com.mx\/index.php?rest_route=\/wp\/v2\/posts\/1232","targetHints":{"allow":["GET"]}}],"collection":[{"href":"https:\/\/radiotk.com.mx\/index.php?rest_route=\/wp\/v2\/posts"}],"about":[{"href":"https:\/\/radiotk.com.mx\/index.php?rest_route=\/wp\/v2\/types\/post"}],"author":[{"embeddable":true,"href":"https:\/\/radiotk.com.mx\/index.php?rest_route=\/wp\/v2\/users\/1"}],"replies":[{"embeddable":true,"href":"https:\/\/radiotk.com.mx\/index.php?rest_route=%2Fwp%2Fv2%2Fcomments&post=1232"}],"version-history":[{"count":1,"href":"https:\/\/radiotk.com.mx\/index.php?rest_route=\/wp\/v2\/posts\/1232\/revisions"}],"predecessor-version":[{"id":1234,"href":"https:\/\/radiotk.com.mx\/index.php?rest_route=\/wp\/v2\/posts\/1232\/revisions\/1234"}],"wp:featuredmedia":[{"embeddable":true,"href":"https:\/\/radiotk.com.mx\/index.php?rest_route=\/wp\/v2\/media\/1233"}],"wp:attachment":[{"href":"https:\/\/radiotk.com.mx\/index.php?rest_route=%2Fwp%2Fv2%2Fmedia&parent=1232"}],"wp:term":[{"taxonomy":"category","embeddable":true,"href":"https:\/\/radiotk.com.mx\/index.php?rest_route=%2Fwp%2Fv2%2Fcategories&post=1232"},{"taxonomy":"post_tag","embeddable":true,"href":"https:\/\/radiotk.com.mx\/index.php?rest_route=%2Fwp%2Fv2%2Ftags&post=1232"}],"curies":[{"name":"wp","href":"https:\/\/api.w.org\/{rel}","templated":true}]}}