{"id":1241,"date":"2026-04-25T04:39:56","date_gmt":"2026-04-25T04:39:56","guid":{"rendered":"https:\/\/radiotk.com.mx\/?p=1241"},"modified":"2026-04-25T04:39:56","modified_gmt":"2026-04-25T04:39:56","slug":"brinda-bienestar-atencion-cercana-y-permanente-a-la-comunidad","status":"publish","type":"post","link":"https:\/\/radiotk.com.mx\/?p=1241","title":{"rendered":"Brinda Bienestar, Atenci\u00f3n Cercana y Permanente a la Comunidad"},"content":{"rendered":"<p>Tecamachalco, Pue.- La Delegada de Bienestar en la microrregi\u00f3n 15, Tecamachalco, Estebi Fern\u00e1ndez Lozada, sostuvo recorridos de trabajo con presencia constante en comunidades del municipio, donde el contacto directo con vecinas y vecinos permiti\u00f3 avanzar en la organizaci\u00f3n social y en la construcci\u00f3n de acuerdos enfocados en mejorar espacios de uso cotidiano.<\/p>\n<p><!--more--><\/p>\n<p>Este trabajo cercano facilit\u00f3 que la participaci\u00f3n de la gente se traduzca en acciones concretas. En la Junta Auxiliar de Santiago Alseseca, madres y padres de familia del Jard\u00edn de Ni\u00f1os Monte Alb\u00e1n se organizaron para conformar su comit\u00e9 de Obra Comunitaria con el objetivo de contar con un espacio de recreaci\u00f3n adecuado para sus hijas e hijos. En Xochimilco, vecinas y vecinos tomaron la decisi\u00f3n de integrarse para impulsar la rehabilitaci\u00f3n de la cancha de f\u00fatbol, un punto de encuentro para ni\u00f1as, ni\u00f1os, j\u00f3venes y familias.<\/p>\n<p>La atenci\u00f3n a la ciudadan\u00eda tambi\u00e9n se mantiene de forma permanente en la oficina de Bienestar en el CIS Tecamachalco, donde se reciben gestiones y se brinda seguimiento a solicitudes, con una atenci\u00f3n que busca mantener cercan\u00eda y facilitar el acceso a los programas.<\/p>\n<p>Estos avances reflejan una forma de trabajo donde la comunidad, con el acompa\u00f1amiento de la Delegaci\u00f3n de Bienestar, logra resultados tangibles que impactan directamente en su entorno. Esta visi\u00f3n se alinea con la Presidenta de M\u00e9xico, Claudia Sheinbaum Pardo; el Gobernador del Estado de Puebla, Alejandro Armenta; y la Secretaria de Bienestar, Laura Artemisa Garc\u00eda Ch\u00e1vez, quienes impulsan un trabajo cercano a la gente y con resultados concretos.<\/p>\n","protected":false},"excerpt":{"rendered":"<p>Tecamachalco, Pue.- La Delegada de Bienestar en la microrregi\u00f3n 15, Tecamachalco, Estebi Fern\u00e1ndez Lozada, sostuvo recorridos de trabajo con presencia constante en comunidades del municipio, donde el contacto directo con&hellip;<\/p>\n","protected":false},"author":1,"featured_media":1242,"comment_status":"open","ping_status":"closed","sticky":false,"template":"","format":"standard","meta":{"footnotes":""},"categories":[2],"tags":[559,547,598,14,489],"class_list":["post-1241","post","type-post","status-publish","format-standard","has-post-thumbnail","hentry","category-region","tag-alseseca","tag-estebi-fernandez","tag-microrregion-15","tag-tecamachalco","tag-xochimilco"],"aioseo_notices":[],"_links":{"self":[{"href":"https:\/\/radiotk.com.mx\/index.php?rest_route=\/wp\/v2\/posts\/1241","targetHints":{"allow":["GET"]}}],"collection":[{"href":"https:\/\/radiotk.com.mx\/index.php?rest_route=\/wp\/v2\/posts"}],"about":[{"href":"https:\/\/radiotk.com.mx\/index.php?rest_route=\/wp\/v2\/types\/post"}],"author":[{"embeddable":true,"href":"https:\/\/radiotk.com.mx\/index.php?rest_route=\/wp\/v2\/users\/1"}],"replies":[{"embeddable":true,"href":"https:\/\/radiotk.com.mx\/index.php?rest_route=%2Fwp%2Fv2%2Fcomments&post=1241"}],"version-history":[{"count":1,"href":"https:\/\/radiotk.com.mx\/index.php?rest_route=\/wp\/v2\/posts\/1241\/revisions"}],"predecessor-version":[{"id":1243,"href":"https:\/\/radiotk.com.mx\/index.php?rest_route=\/wp\/v2\/posts\/1241\/revisions\/1243"}],"wp:featuredmedia":[{"embeddable":true,"href":"https:\/\/radiotk.com.mx\/index.php?rest_route=\/wp\/v2\/media\/1242"}],"wp:attachment":[{"href":"https:\/\/radiotk.com.mx\/index.php?rest_route=%2Fwp%2Fv2%2Fmedia&parent=1241"}],"wp:term":[{"taxonomy":"category","embeddable":true,"href":"https:\/\/radiotk.com.mx\/index.php?rest_route=%2Fwp%2Fv2%2Fcategories&post=1241"},{"taxonomy":"post_tag","embeddable":true,"href":"https:\/\/radiotk.com.mx\/index.php?rest_route=%2Fwp%2Fv2%2Ftags&post=1241"}],"curies":[{"name":"wp","href":"https:\/\/api.w.org\/{rel}","templated":true}]}}